{"id":2114,"date":"2023-10-08T16:07:22","date_gmt":"2023-10-08T16:07:22","guid":{"rendered":"https:\/\/mercedesbenz-andu.com.vn\/?post_type=product&#038;p=2114"},"modified":"2023-10-09T06:39:38","modified_gmt":"2023-10-09T06:39:38","slug":"mercedes-amg-a-35-4matic","status":"publish","type":"post","link":"https:\/\/mercedesandu.vn\/?p=2114","title":{"rendered":"Mercedes-AMG A 35 4Matic"},"content":{"rendered":"<section class=\\\"elementor-section elementor-inner-section elementor-element elementor-element-c63cc3e elementor-section-boxed elementor-section-height-default elementor-section-height-default\\\" data-id=\\\"c63cc3e\\\" data-element_type=\\\"section\\\">\n<div class=\\\"elementor-container elementor-column-gap-no\\\">\n<div class=\\\"elementor-column elementor-col-100 elementor-inner-column elementor-element elementor-element-7f84599\\\" data-id=\\\"7f84599\\\" data-element_type=\\\"column\\\">\n<div class=\\\"elementor-widget-wrap elementor-element-populated\\\">\n<div class=\\\"elementor-element elementor-element-ed1972a xdtit elementor-widget elementor-widget-jet-listing-dynamic-field\\\" data-id=\\\"ed1972a\\\" data-element_type=\\\"widget\\\" data-widget_type=\\\"jet-listing-dynamic-field.default\\\">\n<div class=\\\"elementor-widget-container\\\">\n<div class=\\\"jet-listing jet-listing-dynamic-field display-inline\\\">\n<div class=\\\"jet-listing-dynamic-field__inline-wrap\\\">\n<table border=\\\"2\\\" cellspacing=\\\"2\\\" cellpadding=\\\"2\\\">\n<tbody>\n<tr>\n<td>T\u00ean xe<\/td>\n<td>Mercedes-AMG GLB 35 4Matic<\/td>\n<\/tr>\n<tr>\n<td>S\u1ed1 ch\u1ed7 ng\u1ed3i<\/td>\n<td>07<\/td>\n<\/tr>\n<tr>\n<td>Ki\u1ec3u xe<\/td>\n<td>SUV<\/td>\n<\/tr>\n<tr>\n<td>Xu\u1ea5t x\u1ee9<\/td>\n<td>Nh\u1eadp kh\u1ea9u<\/td>\n<\/tr>\n<tr>\n<td>K\u00edch th\u01b0\u1edbc DxRxC<\/td>\n<td>4650 x 1845 x 1660 mm<\/td>\n<\/tr>\n<tr>\n<td>T\u1ef1 tr\u1ecdng\/t\u1ea3i tr\u1ecdng<\/td>\n<td>1800\/ 650 (kg)<\/td>\n<\/tr>\n<tr>\n<td>Chi\u1ec1u d\u00e0i c\u01a1 s\u1edf<\/td>\n<td>2829 mm<\/td>\n<\/tr>\n<tr>\n<td>\u0110\u1ed9ng c\u01a1<\/td>\n<td>X\u0103ng I4 2.0L<\/td>\n<\/tr>\n<tr>\n<td>Dung t\u00edch c\u00f4ng t\u00e1c<\/td>\n<td>1.991 cc<\/td>\n<\/tr>\n<tr>\n<td>C\u00f4ng su\u1ea5t c\u1ef1c \u0111\u1ea1i<\/td>\n<td>306 m\u00e3 l\u1ef1c t\u1ea1i 5800 v\u00f2ng\/ph\u00fat<\/td>\n<\/tr>\n<tr>\n<td>M\u00f4-men xo\u1eafn c\u1ef1c \u0111\u1ea1i<\/td>\n<td>400 Nm t\u1ea1i 3000-4000 v\u00f2ng\/ph\u00fat<\/td>\n<\/tr>\n<tr>\n<td>H\u1ed9p s\u1ed1<\/td>\n<td>T\u1ef1 \u0111\u1ed9ng 8 c\u1ea5p AMG<\/td>\n<\/tr>\n<tr>\n<td>H\u1ec7 d\u1eabn \u0111\u1ed9ng<\/td>\n<td>4 b\u00e1nh 4Matic<\/td>\n<\/tr>\n<tr>\n<td>T\u0103ng t\u1ed1c 0-100km\/h<\/td>\n<td>5.2 gi\u00e2y<\/td>\n<\/tr>\n<tr>\n<td>T\u1ed1c \u0111\u1ed9 t\u1ed1i \u0111a<\/td>\n<td>250 km\/h<\/td>\n<\/tr>\n<tr>\n<td>H\u1ec7 th\u1ed1ng treo<\/td>\n<td>AMG Ride Control<\/td>\n<\/tr>\n<tr>\n<td>Tr\u1ee3 l\u1ef1c l\u00e1i<\/td>\n<td>\u0110i\u1ec7n<\/td>\n<\/tr>\n<tr>\n<td>C\u1ee1 m\u00e2m<\/td>\n<td>20 inch<\/td>\n<\/tr>\n<tr>\n<td>M\u1ee9c ti\u00eau hao nhi\u00ean li\u1ec7u trong \u0111\u00f4 th\u1ecb<\/td>\n<td>14.81L\/100km<\/td>\n<\/tr>\n<tr>\n<td>M\u1ee9c ti\u00eau hao nhi\u00ean li\u1ec7u ngo\u00e0i \u0111\u00f4 th\u1ecb<\/td>\n<td>10.08L\/100km<\/td>\n<\/tr>\n<tr>\n<td>M\u1ee9c ti\u00eau hao nhi\u00ean li\u1ec7u k\u1ebft h\u1ee3p<\/td>\n<td>11.82L\/100km<\/td>\n<\/tr>\n<\/tbody>\n<\/table>\n<h2 class=\\\"jet-listing-dynamic-field__content\\\">NGO\u1ea0I TH\u1ea4T A 35 4MATIC<\/h2>\n<\/div>\n<\/div>\n<\/div>\n<\/div>\n<div class=\\\"elementor-element elementor-element-4c75c24 elementor-widget elementor-widget-jet-listing-dynamic-field\\\" data-id=\\\"4c75c24\\\" data-element_type=\\\"widget\\\" data-widget_type=\\\"jet-listing-dynamic-field.default\\\">\n<div class=\\\"elementor-widget-container\\\">\n<div class=\\\"jet-listing jet-listing-dynamic-field display-inline\\\">\n<div class=\\\"jet-listing-dynamic-field__inline-wrap\\\">\n<div class=\\\"jet-listing-dynamic-field__content\\\">\n<p>Mercedes A-Class\u00a0c\u00f3 k\u00edch th\u01b0\u1edbc t\u01b0\u01a1ng \u0111\u1ed3ng v\u1edbi d\u00f2ng sedan r\u1ebb nh\u1ea5t c\u1ee7a Mercedes l\u00e0\u00a0CLA\u00a0nh\u01b0ng v\u1ec1 h\u01b0\u1edbng thi\u1ebft k\u1ebf th\u00ec l\u1ea1i kh\u00e1c bi\u1ec7t ho\u00e0n to\u00e0n. B\u1ea3n sedan c\u1ee7a A-Class \u1edf Vi\u1ec7t Nam c\u00f3 th\u00f4ng s\u1ed1 d\u00e0i x r\u1ed9ng x cao l\u1ea7n l\u01b0\u1ee3t l\u00e0 4.555 x 1.796 x 1.434 mm.<\/p>\n<h3>\u0110\u1ea7u xe<\/h3>\n<p><img class=\\\"aligncenter size-full wp-image-9625\\\" src=\\\"https:\/\/mercedesdanang.com.vn\/wp-content\/uploads\/2020\/12\/A35-Trang-1.jpg\\\" alt=\\\"\\\" width=\\\"1500\\\" height=\\\"1000\\\" \/><\/p>\n<p>Ngo\u1ea1i h\u00ecnh chi\u1ebfc Mercedes AMG A 35 4Matic\u00a0 \u0111\u1eadm ch\u1ea5t th\u1ec3 thao v\u1edbi b\u1ed9 c\u00e1nh b\u00ean ngo\u00e0i h\u00e0o nho\u00e1ng, \u1ea5n t\u01b0\u1ee3ng trong b\u1ed9 \u00e1o AMG n\u1ed5i danh b\u1edfi s\u1ef1 c\u00e1 t\u00ednh. \u0110\u1ea7u xe s\u1edf h\u1eefu b\u1ed9 l\u01b0\u1edbi t\u1ea3n nhi\u1ec7t \u0111en \u0111\u01b0\u1ee3c gia c\u1ed1 b\u1edfi logo ng\u00f4i sao 3 c\u00e1nh v\u00e0 thanh kim lo\u1ea1i ch\u1ea1y ngang.<\/p>\n<p><img class=\\\"aligncenter size-full wp-image-9630\\\" src=\\\"https:\/\/mercedesdanang.com.vn\/wp-content\/uploads\/2020\/12\/A35-Trang-7.jpg\\\" alt=\\\"\\\" width=\\\"1500\\\" height=\\\"1000\\\" \/><\/p>\n<p>Hai b\u00ean, c\u1ee5m \u0111\u00e8n tr\u01b0\u1edbc c\u1ee7a xe c\u00f3 d\u1ea1ng h\u00ecnh tam gi\u00e1c b\u1ebb v\u1ec1 2 h\u01b0\u1edbng r\u1ea5t \u0111\u1ed9c \u0111\u00e1o \u1ee9ng d\u1ee5ng c\u00f4ng ngh\u1ec7 Full-LED cho kh\u1ea3 n\u0103ng chi\u1ebfu s\u00e1ng t\u1ed1t.<\/p>\n<p>B\u00ean trong l\u1edbp k\u00ednh trong su\u1ed1t l\u00e0 d\u1ea3i LEd ban ng\u00e0y h\u00ecnh ch\u1eef L v\u1edbi ph\u1ea7n \u0111\u00e1y nh\u00f4 cao. H\u1ed1c h\u00fat gi\u00f3 b\u00ean d\u01b0\u1edbi thi\u1ebft k\u1ebf ki\u1ec3u m\u00f3ng vu\u1ed1t s\u1eafc s\u1ea3o quay m\u1eb7t v\u00e0o nhau nh\u1ea5n m\u1ea1nh t\u00ednh th\u1ec3 thao, nam t\u00ednh c\u1ee7a xe.<\/p>\n<h3>Th\u00e2n xe<\/h3>\n<p><img class=\\\"aligncenter size-full wp-image-9626\\\" src=\\\"https:\/\/mercedesdanang.com.vn\/wp-content\/uploads\/2020\/12\/A35-Trang-2.jpg\\\" alt=\\\"\\\" width=\\\"1500\\\" height=\\\"1000\\\" \/><\/p>\n<p>Nh\u00ecn t\u1eeb b\u00ean h\u00f4ng,\u00a0Mercedes AMG A 35 4Matic 2022\u00a0ch\u1ea5t l\u1eeb v\u1edbi b\u1ed9 v\u00e0nh 19-inch 5 ch\u1ea5u k\u00e9p s\u1ed1ng \u0111\u1ed9ng trong t\u1eebng chi ti\u1ebft.<\/p>\n<p>C\u00e1c tr\u1ee5 B, C \u0111\u1ec1u d\u00f9ng nh\u1ef1a \u0111en b\u00f3ng piano \u0111\u1eb9p m\u1eaft n\u1eb1m g\u1ecdn trong khung kim lo\u1ea1i m\u1ea1 crom s\u00e1ng b\u00f3ng. D\u00e1ng xe \u0111\u01b0\u1ee3c trau chu\u1ed1t k\u1ef9 l\u01b0\u1ee1ng v\u1edbi nh\u1eefng \u0111\u01b0\u1eddng g\u00e2n nhuy\u1ec5n ch\u1ea1y qua gi\u00fap t\u0103ng t\u00ednh kh\u00ed \u0111\u1ed9ng h\u1ecdc.<\/p>\n<h3>\u0110u\u00f4i xe<\/h3>\n<p><img class=\\\"aligncenter size-full wp-image-9629\\\" src=\\\"https:\/\/mercedesdanang.com.vn\/wp-content\/uploads\/2020\/12\/A35-Trang-6.jpg\\\" alt=\\\"\\\" width=\\\"1500\\\" height=\\\"1000\\\" \/><\/p>\n<p>Ph\u1ea7n \u0111u\u00f4i xe khi\u1ebfn ng\u01b0\u1eddi d\u00f9ng m\u00ea m\u1ea9n b\u1edfi ch\u1ea5t th\u1ec3 thao th\u1ec3 hi\u1ec7n m\u1ea1nh m\u1ebd, r\u00f5 n\u00e9t. Tr\u00ean n\u1eafp c\u1ed1p l\u00e0 c\u00e1nh l\u01b0\u1edbt gi\u00f3 in li\u1ec1n n\u1ed5i g\u1ee3n v\u1eeba gi\u00fap xe tr\u00f4ng \u0111\u1eb9p h\u01a1n v\u1eeba \u0111\u1ec3 b\u1ea1n t\u1ef1 tin ph\u00f3ng nhanh v\u1ec1 ph\u00eda tr\u01b0\u1edbc. \u0110\u00e8n h\u1eadu h\u00ecnh m\u0169i \u0111inh quay v\u00e0o nhau c\u00f9ng s\u1ee3i LED \u0111\u1ed9c \u0111\u00e1o.<\/p>\n<p><img class=\\\"aligncenter size-full wp-image-9628\\\" src=\\\"https:\/\/mercedesdanang.com.vn\/wp-content\/uploads\/2020\/12\/A35-Trang-4.jpg\\\" alt=\\\"\\\" width=\\\"1500\\\" height=\\\"1000\\\" \/><\/p>\n<p>D\u01b0\u1edbi c\u00f9ng, c\u1ea3n sau \u0111\u01b0\u1ee3c thi\u1ebft k\u1ebf g\u1ed3 gh\u1ec1 h\u01a1n v\u1edbi ph\u1ea7n \u1ed1p m\u00e0u \u0111en b\u00f3ng bao ph\u1ee7 \u1ed1ng x\u1ea3. C\u00e1c thanh c\u1ea3n gi\u00f3 \u0111\u1eb7t d\u1ef1ng \u0111\u1ee9ng mang \u0111\u1ebfn m\u1ed9t ph\u1ea7n g\u1ea7m c\u1ea7u k\u1ef3 v\u00e0 ph\u00e1 c\u00e1ch h\u01a1n.<\/p>\n<\/div>\n<\/div>\n<\/div>\n<\/div>\n<\/div>\n<\/div>\n<\/div>\n<\/div>\n<\/section>\n<section id=\\\"noithat\\\" class=\\\"elementor-section elementor-inner-section elementor-element elementor-element-2ad2ae9 elementor-section-boxed elementor-section-height-default elementor-section-height-default\\\" data-id=\\\"2ad2ae9\\\" data-element_type=\\\"section\\\">\n<div class=\\\"elementor-container elementor-column-gap-no\\\">\n<div class=\\\"elementor-column elementor-col-100 elementor-inner-column elementor-element elementor-element-2ca9fd4\\\" data-id=\\\"2ca9fd4\\\" data-element_type=\\\"column\\\">\n<div class=\\\"elementor-widget-wrap elementor-element-populated\\\">\n<div class=\\\"elementor-element elementor-element-6129415 xdtit elementor-widget elementor-widget-jet-listing-dynamic-field\\\" data-id=\\\"6129415\\\" data-element_type=\\\"widget\\\" data-widget_type=\\\"jet-listing-dynamic-field.default\\\">\n<div class=\\\"elementor-widget-container\\\">\n<div class=\\\"jet-listing jet-listing-dynamic-field display-inline\\\">\n<div class=\\\"jet-listing-dynamic-field__inline-wrap\\\">\n<h2 class=\\\"jet-listing-dynamic-field__content\\\">N\u1ed8T TH\u1ea4T A 35 4MATIC<\/h2>\n<\/div>\n<\/div>\n<\/div>\n<\/div>\n<div class=\\\"elementor-element elementor-element-47c169b elementor-widget elementor-widget-jet-listing-dynamic-field\\\" data-id=\\\"47c169b\\\" data-element_type=\\\"widget\\\" data-widget_type=\\\"jet-listing-dynamic-field.default\\\">\n<div class=\\\"elementor-widget-container\\\">\n<div class=\\\"jet-listing jet-listing-dynamic-field display-inline\\\">\n<div class=\\\"jet-listing-dynamic-field__inline-wrap\\\">\n<div class=\\\"jet-listing-dynamic-field__content\\\">\n<p>V\u1ec1 n\u1ed9i th\u1ea5t, Mercedes-AMG A35 4MATIC sedan s\u1edf h\u1eefu phong c\u00e1ch thi\u1ebft k\u1ebf hi\u1ec7n \u0111\u1ea1i c\u00f9ng nhi\u1ec1u trang b\u1ecb ti\u00ean ti\u1ebfn. C\u00e1c ch\u1ea5t li\u1ec7u cao c\u1ea5p, c\u00e1ch b\u00e0i tr\u00ed ti\u1ec7n l\u1ee3i v\u00e0 th\u1ec3 thao, h\u1ec7 th\u1ed1ng \u0111\u00e8n vi\u1ec1n 64 m\u00e0u. Tuy v\u1eady, nh\u01b0\u1ee3c \u0111i\u1ec3m c\u1ee7a xe l\u00e0 kh\u00f4ng gian ch\u1eadt h\u1eb9p do k\u00edch th\u01b0\u1edbc nh\u1ecf g\u1ecdn c\u1ee7a n\u00f3, \u0111i\u1ec1u n\u00e0y c\u00f3 th\u1ec3 l\u00e0m kh\u00f3 ch\u1ecbu cho ng\u01b0\u1eddi ng\u1ed3i sau.<\/p>\n<p><img class=\\\"aligncenter size-full wp-image-7417\\\" src=\\\"https:\/\/mercedesdanang.com.vn\/wp-content\/uploads\/2020\/12\/A35-Trang-9.jpg\\\" alt=\\\"\\\" width=\\\"4095\\\" height=\\\"2730\\\" \/><\/p>\n<p>N\u1ed5i b\u1eadt t\u1ea1i trung t\u00e2m taplo l\u00e0 h\u1ec7 th\u1ed1ng th\u00f4ng tin gi\u1ea3i tr\u00ed MBUX v\u1edbi 2 m\u00e0n h\u00ecnh l\u1edbn, tuy nhi\u00ean A35 \u0111\u00e3 c\u00f3 th\u00eam c\u00e1c ch\u1ebf \u0111\u1ed9 c\u00e0i \u0111\u1eb7t v\u00e0 hi\u1ec3n th\u1ecb th\u1ec3 thao AMG.<\/p>\n<h4>Thi\u1ebft k\u1ebf v\u00f4 l\u0103ng<\/h4>\n<p>Nh\u1eefng t\u00edn \u0111\u1ed3 AMG s\u1ebd nh\u1eadn ra v\u00f4-l\u0103ng v\u00e1t \u0111\u00e1y ph\u1eb1ng t\u01b0\u01a1ng t\u1ef1 nh\u1eefng phi\u00ean b\u1ea3n AMG t\u1eeb c\u00e1c d\u00f2ng Mercedes cao c\u1ea5p h\u01a1n, c\u0169ng nh\u01b0 c\u00e1c chi ti\u1ebft b\u1ecdc v\u1ea3i s\u1ee3i si\u00eau m\u1ecbn v\u00e0 th\u00eau ch\u1ec9 m\u00e0u \u0111\u1ecf t\u01b0\u01a1ng ph\u1ea3n kh\u00f4ng c\u00f3 tr\u00ean nh\u1eefng chi\u1ebfc A-Class th\u01b0\u1eddng.<\/p>\n<p><img class=\\\"aligncenter size-full wp-image-7416\\\" src=\\\"https:\/\/mercedesdanang.com.vn\/wp-content\/uploads\/2020\/12\/A35-Trang-8.jpg\\\" alt=\\\"\\\" width=\\\"4095\\\" height=\\\"2730\\\" \/><\/p>\n<\/div>\n<\/div>\n<\/div>\n<\/div>\n<\/div>\n<\/div>\n<\/div>\n<\/div>\n<\/section>\n<section id=\\\"vanhanh\\\" class=\\\"elementor-section elementor-inner-section elementor-element elementor-element-a7573f9 elementor-section-boxed elementor-section-height-default elementor-section-height-default\\\" data-id=\\\"a7573f9\\\" data-element_type=\\\"section\\\">\n<div class=\\\"elementor-container elementor-column-gap-no\\\">\n<div class=\\\"elementor-column elementor-col-100 elementor-inner-column elementor-element elementor-element-c775f49\\\" data-id=\\\"c775f49\\\" data-element_type=\\\"column\\\">\n<div class=\\\"elementor-widget-wrap elementor-element-populated\\\">\n<div class=\\\"elementor-element elementor-element-d490e27 xdtit elementor-widget elementor-widget-jet-listing-dynamic-field\\\" data-id=\\\"d490e27\\\" data-element_type=\\\"widget\\\" data-widget_type=\\\"jet-listing-dynamic-field.default\\\">\n<div class=\\\"elementor-widget-container\\\">\n<div class=\\\"jet-listing jet-listing-dynamic-field display-inline\\\">\n<div class=\\\"jet-listing-dynamic-field__inline-wrap\\\">\n<h2 class=\\\"jet-listing-dynamic-field__content\\\">V\u1eacN H\u00c0NH A 35 4MATIC<\/h2>\n<\/div>\n<\/div>\n<\/div>\n<\/div>\n<div class=\\\"elementor-element elementor-element-9dc49cf elementor-widget elementor-widget-jet-listing-dynamic-field\\\" data-id=\\\"9dc49cf\\\" data-element_type=\\\"widget\\\" data-widget_type=\\\"jet-listing-dynamic-field.default\\\">\n<div class=\\\"elementor-widget-container\\\">\n<div class=\\\"jet-listing jet-listing-dynamic-field display-inline\\\">\n<div class=\\\"jet-listing-dynamic-field__inline-wrap\\\">\n<div class=\\\"jet-listing-dynamic-field__content\\\">\n<p>\u0110\u01b0\u1ee3c h\u00e3ng \u0111\u1ed9 AMG s\u1edd m\u00f3 v\u00e0o, chi\u1ebfc xe AMG A35 4Matic tuy s\u1eed d\u1ee5ng \u0111\u1ed9ng c\u01a1 2.0L nh\u01b0ng nay \u0111\u00e3 cho c\u00f4ng su\u1ea5t l\u00ean \u0111\u1ebfn 255Kw (306Hp) t\u1ea1i d\u1ea3i v\u00f2ng tua 5800-6100 v\u00f2ng\/ph\u00fat. K\u1ebft h\u1ee3p v\u1edbi h\u1ed9p s\u1ed1 t\u1ef1 \u0111\u1ed9ng AMG 7 c\u1ea5p v\u00e0 h\u1ec7 d\u1eabn \u0111\u1ed9ng to\u00e0n th\u1eddi gian 4 b\u00e1nh 4MATIC tr\u1ee9 danh, chi\u1ebfc xe c\u00f3 kh\u1ea3 n\u0103ng t\u0103ng t\u1ed1c t\u1eeb 0-100km\/h trong v\u00f2ng ch\u1ec9 4,8s. T\u1ed1c \u0111\u1ed9 t\u1ed1i \u0111a m\u00e0 c\u00e1c anh t\u00e0i c\u00f3 th\u1ec3 t\u1eadn h\u01b0\u1edfng l\u00e0 250km\/h.<\/p>\n<p><img class=\\\"alignnone size-full wp-image-6806\\\" src=\\\"https:\/\/mercedesdanang.com.vn\/wp-content\/uploads\/2020\/12\/mercedes-amg-a35-4matic-sedan-16.jpg\\\" alt=\\\"\\\" width=\\\"800\\\" height=\\\"532\\\" \/><\/p>\n<p>Tuy s\u1ee9c m\u1ea1nh kinh h\u1ed3n nh\u01b0 v\u1eady nh\u01b0ng m\u1ee9c ti\u00eau hao nhi\u00eau li\u1ec7u l\u1ea1i kh\u00e1 \u1ed5n v\u1edbi 8,89 (l\u00edt\/100km) ngo\u00e0i \u0111\u00f4 th\u1ecb, 11,4 (l\u00edt\/100km) trong \u0111\u00f4 th\u1ecb, v\u00e0 h\u1ed7n h\u1ee3p l\u00e0 9,81 (l\u00edt\/100km).<\/p>\n<p>Mercedes-AMG A35 4MATIC trang b\u1ecb AMG DYNAMIC SELECT v\u1edbi 5 ch\u1ebf \u0111\u1ed9 l\u00e1i, bao g\u1ed3m \\&#8221;Slippery\\&#8221;, \\&#8221;Comfort\\&#8221;, \\&#8221;Sport\\&#8221;, \\&#8221;Sport +\\&#8221; v\u00e0 \\&#8221;Individual\\&#8221; ph\u00f9 h\u1ee3p v\u1edbi nhi\u1ec1u phong c\u00e1ch l\u00e1i xe kh\u00e1c nhau.<\/p>\n<\/div>\n<\/div>\n<\/div>\n<\/div>\n<\/div>\n<\/div>\n<\/div>\n<\/div>\n<\/section>\n<section id=\\\"antoan\\\" class=\\\"elementor-section elementor-inner-section elementor-element elementor-element-ab7482b elementor-section-boxed elementor-section-height-default elementor-section-height-default\\\" data-id=\\\"ab7482b\\\" data-element_type=\\\"section\\\">\n<div class=\\\"elementor-container elementor-column-gap-no\\\">\n<div class=\\\"elementor-column elementor-col-100 elementor-inner-column elementor-element elementor-element-697dabc\\\" data-id=\\\"697dabc\\\" data-element_type=\\\"column\\\">\n<div class=\\\"elementor-widget-wrap elementor-element-populated\\\">\n<div class=\\\"elementor-element elementor-element-1ed9d22 xdtit elementor-widget elementor-widget-jet-listing-dynamic-field\\\" data-id=\\\"1ed9d22\\\" data-element_type=\\\"widget\\\" data-widget_type=\\\"jet-listing-dynamic-field.default\\\">\n<div class=\\\"elementor-widget-container\\\">\n<div class=\\\"jet-listing jet-listing-dynamic-field display-inline\\\">\n<div class=\\\"jet-listing-dynamic-field__inline-wrap\\\">\n<h2 class=\\\"jet-listing-dynamic-field__content\\\">AN TO\u00c0N A 35 4MATIC<\/h2>\n<\/div>\n<\/div>\n<\/div>\n<\/div>\n<div class=\\\"elementor-element elementor-element-1157e2a elementor-widget elementor-widget-jet-listing-dynamic-field\\\" data-id=\\\"1157e2a\\\" data-element_type=\\\"widget\\\" data-widget_type=\\\"jet-listing-dynamic-field.default\\\">\n<div class=\\\"elementor-widget-container\\\">\n<div class=\\\"jet-listing jet-listing-dynamic-field display-inline\\\">\n<div class=\\\"jet-listing-dynamic-field__inline-wrap\\\">\n<div class=\\\"jet-listing-dynamic-field__content\\\">\n<p>&#8211; H\u1ec7 th\u1ed1ng treo th\u1ec3 thao AMG<\/p>\n<p>&#8211; H\u1ec7 th\u1ed1ng l\u00e1i Direct-Steer tr\u1ee3 l\u1ef1c \u0111i\u1ec7n<\/p>\n<p>&#8211; L\u1eaby chuy\u1ec3n s\u1ed1 sau v\u00f4 l\u0103ng<\/p>\n<p>&#8211; C\u1ea7n s\u1ed1 sau v\u00f4 l\u0103ng Direct Select<\/p>\n<p>&#8211; C\u1ee5m chuy\u1ec3n \u0111\u1ed5i AMG Dynamic Select v\u1edbi nhi\u1ec1u ch\u1ebf \u0111\u1ed9 v\u1eadn h\u00e0nh<\/p>\n<p>&#8211; H\u1ec7 th\u1ed1ng h\u1ed7 tr\u1ee3 \u0111\u1ed7 xe ch\u1ee7 \u0111\u1ed9ng Active Parking Assit<\/p>\n<p>&#8211; Camera l\u00f9i<\/p>\n<p>&#8211; Phanh ABS\/BAS\/ARS ch\u1ed1ng tr\u01b0\u1ee3t<\/p>\n<p>&#8211; C\u00e2n b\u1eb1ng \u0111i\u1ec7n t\u1eed ESP<\/p>\n<p>&#8211; Phanh Adaptive v\u1edbi ch\u1ee9c n\u0103ng h\u1ed7 tr\u1ee3 d\u1eebng xe v\u00e0 h\u1ed7 tr\u1ee3 kh\u1edfi h\u00e0nh ngang d\u1ed1c<\/p>\n<p>&#8211; Phanh tay th\u00f4ng minh<\/p>\n<p>&#8211; T\u00fai kh\u00ed tr\u01b0\u1edbc, h\u00f4ng v\u00e0 \u0111\u1ea7u g\u1ed1i<\/p>\n<\/div>\n<\/div>\n<\/div>\n<\/div>\n<\/div>\n<\/div>\n<\/div>\n<\/div>\n<\/section>\n","protected":false},"excerpt":{"rendered":"<p>T\u00ean xe Mercedes-AMG GLB 35 4Matic S\u1ed1 ch\u1ed7 ng\u1ed3i 07 Ki\u1ec3u xe SUV Xu\u1ea5t x\u1ee9 Nh\u1eadp kh\u1ea9u K\u00edch th\u01b0\u1edbc DxRxC 4650 x 1845 x 1660 mm T\u1ef1 tr\u1ecdng\/t\u1ea3i tr\u1ecdng 1800\/ 650 (kg) Chi\u1ec1u d\u00e0i c\u01a1 s\u1edf 2829 mm \u0110\u1ed9ng c\u01a1 X\u0103ng I4 2.0L Dung t\u00edch c\u00f4ng t\u00e1c 1.991 cc C\u00f4ng su\u1ea5t c\u1ef1c \u0111\u1ea1i 306 m\u00e3 [&hellip;]<\/p>\n","protected":false},"author":1,"featured_media":2115,"comment_status":"closed","ping_status":"closed","sticky":false,"template":"","format":"standard","meta":{"footnotes":""},"categories":[],"tags":[],"class_list":["post-2114","post","type-post","status-publish","format-standard","has-post-thumbnail","hentry"],"yoast_head":"<!-- This site is optimized with the Yoast SEO plugin v26.6 - https:\/\/yoast.com\/wordpress\/plugins\/seo\/ -->\n<title>Mercedes-AMG A 35 4Matic<\/title>\n<meta name=\"robots\" content=\"index, follow, max-snippet:-1, max-image-preview:large, max-video-preview:-1\" \/>\n<link rel=\"canonical\" href=\"https:\/\/mercedesandu.vn\/san-pham\/mercedes-amg-a-35-4matic\/\" \/>\n<meta property=\"og:locale\" content=\"en_US\" \/>\n<meta property=\"og:type\" content=\"article\" \/>\n<meta property=\"og:title\" content=\"Mercedes-AMG A 35 4Matic\" \/>\n<meta property=\"og:description\" content=\"T\u00ean xe Mercedes-AMG GLB 35 4Matic S\u1ed1 ch\u1ed7 ng\u1ed3i 07 Ki\u1ec3u xe SUV Xu\u1ea5t x\u1ee9 Nh\u1eadp kh\u1ea9u K\u00edch th\u01b0\u1edbc DxRxC 4650 x 1845 x 1660 mm T\u1ef1 tr\u1ecdng\/t\u1ea3i tr\u1ecdng 1800\/ 650 (kg) Chi\u1ec1u d\u00e0i c\u01a1 s\u1edf 2829 mm \u0110\u1ed9ng c\u01a1 X\u0103ng I4 2.0L Dung t\u00edch c\u00f4ng t\u00e1c 1.991 cc C\u00f4ng su\u1ea5t c\u1ef1c \u0111\u1ea1i 306 m\u00e3 [&hellip;]\" \/>\n<meta property=\"og:url\" content=\"https:\/\/mercedesandu.vn\/san-pham\/mercedes-amg-a-35-4matic\/\" \/>\n<meta property=\"article:modified_time\" content=\"2023-10-09T06:39:38+00:00\" \/>\n<meta property=\"og:image\" content=\"https:\/\/mercedesandu.vn\/wp-content\/uploads\/2023\/10\/A35-2.png\" \/>\n\t<meta property=\"og:image:width\" content=\"500\" \/>\n\t<meta property=\"og:image:height\" content=\"250\" \/>\n\t<meta property=\"og:image:type\" content=\"image\/png\" \/>\n<meta name=\"twitter:card\" content=\"summary_large_image\" \/>\n<meta name=\"twitter:label1\" content=\"Est. reading time\" \/>\n\t<meta name=\"twitter:data1\" content=\"6 minutes\" \/>\n<script type=\"application\/ld+json\" class=\"yoast-schema-graph\">{\"@context\":\"https:\/\/schema.org\",\"@graph\":[{\"@type\":\"WebPage\",\"@id\":\"https:\/\/mercedesandu.vn\/san-pham\/mercedes-amg-a-35-4matic\/\",\"url\":\"https:\/\/mercedesandu.vn\/san-pham\/mercedes-amg-a-35-4matic\/\",\"name\":\"Mercedes-AMG A 35 4Matic\",\"isPartOf\":{\"@id\":\"https:\/\/mercedesandu.vn\/#website\"},\"primaryImageOfPage\":{\"@id\":\"https:\/\/mercedesandu.vn\/san-pham\/mercedes-amg-a-35-4matic\/#primaryimage\"},\"image\":{\"@id\":\"https:\/\/mercedesandu.vn\/san-pham\/mercedes-amg-a-35-4matic\/#primaryimage\"},\"thumbnailUrl\":\"\",\"datePublished\":\"2023-10-08T16:07:22+00:00\",\"dateModified\":\"2023-10-09T06:39:38+00:00\",\"breadcrumb\":{\"@id\":\"https:\/\/mercedesandu.vn\/san-pham\/mercedes-amg-a-35-4matic\/#breadcrumb\"},\"inLanguage\":\"en-US\",\"potentialAction\":[{\"@type\":\"ReadAction\",\"target\":[\"https:\/\/mercedesandu.vn\/san-pham\/mercedes-amg-a-35-4matic\/\"]}]},{\"@type\":\"ImageObject\",\"inLanguage\":\"en-US\",\"@id\":\"https:\/\/mercedesandu.vn\/san-pham\/mercedes-amg-a-35-4matic\/#primaryimage\",\"url\":\"\",\"contentUrl\":\"\",\"width\":500,\"height\":250},{\"@type\":\"BreadcrumbList\",\"@id\":\"https:\/\/mercedesandu.vn\/san-pham\/mercedes-amg-a-35-4matic\/#breadcrumb\",\"itemListElement\":[{\"@type\":\"ListItem\",\"position\":1,\"name\":\"Trang ch\u1ee7\",\"item\":\"https:\/\/mercedesandu.vn\/\"},{\"@type\":\"ListItem\",\"position\":2,\"name\":\"Shop\",\"item\":\"https:\/\/mercedesandu.vn\/?page_id=3229\"},{\"@type\":\"ListItem\",\"position\":3,\"name\":\"Mercedes-AMG A 35 4Matic\"}]},{\"@type\":\"WebSite\",\"@id\":\"https:\/\/mercedesandu.vn\/#website\",\"url\":\"https:\/\/mercedesandu.vn\/\",\"name\":\"\",\"description\":\"\",\"potentialAction\":[{\"@type\":\"SearchAction\",\"target\":{\"@type\":\"EntryPoint\",\"urlTemplate\":\"https:\/\/mercedesandu.vn\/?s={search_term_string}\"},\"query-input\":{\"@type\":\"PropertyValueSpecification\",\"valueRequired\":true,\"valueName\":\"search_term_string\"}}],\"inLanguage\":\"en-US\"}]}<\/script>\n<!-- \/ Yoast SEO plugin. -->","yoast_head_json":{"title":"Mercedes-AMG A 35 4Matic","robots":{"index":"index","follow":"follow","max-snippet":"max-snippet:-1","max-image-preview":"max-image-preview:large","max-video-preview":"max-video-preview:-1"},"canonical":"https:\/\/mercedesandu.vn\/san-pham\/mercedes-amg-a-35-4matic\/","og_locale":"en_US","og_type":"article","og_title":"Mercedes-AMG A 35 4Matic","og_description":"T\u00ean xe Mercedes-AMG GLB 35 4Matic S\u1ed1 ch\u1ed7 ng\u1ed3i 07 Ki\u1ec3u xe SUV Xu\u1ea5t x\u1ee9 Nh\u1eadp kh\u1ea9u K\u00edch th\u01b0\u1edbc DxRxC 4650 x 1845 x 1660 mm T\u1ef1 tr\u1ecdng\/t\u1ea3i tr\u1ecdng 1800\/ 650 (kg) Chi\u1ec1u d\u00e0i c\u01a1 s\u1edf 2829 mm \u0110\u1ed9ng c\u01a1 X\u0103ng I4 2.0L Dung t\u00edch c\u00f4ng t\u00e1c 1.991 cc C\u00f4ng su\u1ea5t c\u1ef1c \u0111\u1ea1i 306 m\u00e3 [&hellip;]","og_url":"https:\/\/mercedesandu.vn\/san-pham\/mercedes-amg-a-35-4matic\/","article_modified_time":"2023-10-09T06:39:38+00:00","og_image":[{"width":500,"height":250,"url":"https:\/\/mercedesandu.vn\/wp-content\/uploads\/2023\/10\/A35-2.png","type":"image\/png"}],"twitter_card":"summary_large_image","twitter_misc":{"Est. reading time":"6 minutes"},"schema":{"@context":"https:\/\/schema.org","@graph":[{"@type":"WebPage","@id":"https:\/\/mercedesandu.vn\/san-pham\/mercedes-amg-a-35-4matic\/","url":"https:\/\/mercedesandu.vn\/san-pham\/mercedes-amg-a-35-4matic\/","name":"Mercedes-AMG A 35 4Matic","isPartOf":{"@id":"https:\/\/mercedesandu.vn\/#website"},"primaryImageOfPage":{"@id":"https:\/\/mercedesandu.vn\/san-pham\/mercedes-amg-a-35-4matic\/#primaryimage"},"image":{"@id":"https:\/\/mercedesandu.vn\/san-pham\/mercedes-amg-a-35-4matic\/#primaryimage"},"thumbnailUrl":"","datePublished":"2023-10-08T16:07:22+00:00","dateModified":"2023-10-09T06:39:38+00:00","breadcrumb":{"@id":"https:\/\/mercedesandu.vn\/san-pham\/mercedes-amg-a-35-4matic\/#breadcrumb"},"inLanguage":"en-US","potentialAction":[{"@type":"ReadAction","target":["https:\/\/mercedesandu.vn\/san-pham\/mercedes-amg-a-35-4matic\/"]}]},{"@type":"ImageObject","inLanguage":"en-US","@id":"https:\/\/mercedesandu.vn\/san-pham\/mercedes-amg-a-35-4matic\/#primaryimage","url":"","contentUrl":"","width":500,"height":250},{"@type":"BreadcrumbList","@id":"https:\/\/mercedesandu.vn\/san-pham\/mercedes-amg-a-35-4matic\/#breadcrumb","itemListElement":[{"@type":"ListItem","position":1,"name":"Trang ch\u1ee7","item":"https:\/\/mercedesandu.vn\/"},{"@type":"ListItem","position":2,"name":"Shop","item":"https:\/\/mercedesandu.vn\/?page_id=3229"},{"@type":"ListItem","position":3,"name":"Mercedes-AMG A 35 4Matic"}]},{"@type":"WebSite","@id":"https:\/\/mercedesandu.vn\/#website","url":"https:\/\/mercedesandu.vn\/","name":"","description":"","potentialAction":[{"@type":"SearchAction","target":{"@type":"EntryPoint","urlTemplate":"https:\/\/mercedesandu.vn\/?s={search_term_string}"},"query-input":{"@type":"PropertyValueSpecification","valueRequired":true,"valueName":"search_term_string"}}],"inLanguage":"en-US"}]}},"_links":{"self":[{"href":"https:\/\/mercedesandu.vn\/index.php?rest_route=\/wp\/v2\/posts\/2114","targetHints":{"allow":["GET"]}}],"collection":[{"href":"https:\/\/mercedesandu.vn\/index.php?rest_route=\/wp\/v2\/posts"}],"about":[{"href":"https:\/\/mercedesandu.vn\/index.php?rest_route=\/wp\/v2\/types\/post"}],"author":[{"embeddable":true,"href":"https:\/\/mercedesandu.vn\/index.php?rest_route=\/wp\/v2\/users\/1"}],"replies":[{"embeddable":true,"href":"https:\/\/mercedesandu.vn\/index.php?rest_route=%2Fwp%2Fv2%2Fcomments&post=2114"}],"version-history":[{"count":0,"href":"https:\/\/mercedesandu.vn\/index.php?rest_route=\/wp\/v2\/posts\/2114\/revisions"}],"wp:featuredmedia":[{"embeddable":true,"href":"https:\/\/mercedesandu.vn\/index.php?rest_route=\/wp\/v2\/posts\/2115"}],"wp:attachment":[{"href":"https:\/\/mercedesandu.vn\/index.php?rest_route=%2Fwp%2Fv2%2Fmedia&parent=2114"}],"wp:term":[{"taxonomy":"category","embeddable":true,"href":"https:\/\/mercedesandu.vn\/index.php?rest_route=%2Fwp%2Fv2%2Fcategories&post=2114"},{"taxonomy":"post_tag","embeddable":true,"href":"https:\/\/mercedesandu.vn\/index.php?rest_route=%2Fwp%2Fv2%2Ftags&post=2114"}],"curies":[{"name":"wp","href":"https:\/\/api.w.org\/{rel}","templated":true}]}}